{"id":88,"date":"2022-09-09T09:46:55","date_gmt":"2022-09-09T07:46:55","guid":{"rendered":"http:\/\/harmonie-neuhaus.de\/?p=88"},"modified":"2023-06-13T11:58:43","modified_gmt":"2023-06-13T11:58:43","slug":"chormusical-martin-luther-king","status":"publish","type":"post","link":"https:\/\/harmonie-neuhaus.de\/wordpress\/chormusical-martin-luther-king\/","title":{"rendered":"Chormusical &#8222;Martin Luther King&#8220;"},"content":{"rendered":"\n<p>Der Traum von Freiheit und Frieden ist heute noch so aktuell wie vor knapp 60 Jahren, als Martin Luther King seine ber\u00fchmteste Rede &#8222;I Have a Dream&#8220; hielt. Pandemie, Protest und Krieg in Europa haben uns das wieder schmerzlich bewusst gemacht. Umso mehr freuen wir uns nach zwei Jahren Versp\u00e4tung darauf, endlich mit unserem Mitwirken im riesigen Chor des Chormusicals &#8222;Martin Luther King&#8220; an diesen Traum und seine Werte erinnern zu k\u00f6nnen. Das Musical erz\u00e4hlt dar\u00fcber hinaus viele Momente und Facetten aus dem Leben des Baptistenpastors Martin Luther King.<\/p>\n\n\n\n<p>Unser Auftritt ist am <strong>16. Oktober in der Oberfrankenhalle in Bayreuth<\/strong>. Schon die <strong>Generalprobe von 12:00 bis 14:30 Uhr<\/strong> ist \u00f6ffentlich und es sind hierf\u00fcr noch Tickets verf\u00fcgbar. F\u00fcr die <strong>Vorstellung von 17:00 bis 19:30 Uhr<\/strong> sind noch Resttickets verf\u00fcgbar. Tickets und viele Eindr\u00fccke vom Musical im Internet unter <strong><a href=\"http:\/\/king-musical.de\" data-type=\"URL\" data-id=\"king-musical.de\">king-musical.de<\/a><\/strong>. Wir freuen uns auf alle, die dieser einmaligen musikalischen Reise beiwohnen m\u00f6chten!<\/p>\n\n\n\n<p>Konkret freuen wir uns auch \u00fcber <strong>Mitreisende in unserem Reisebus<\/strong>. Abfahrt um 09:30 Uhr am Fisch-Paulus in der Schlo\u00dfstra\u00dfe 1 in Neuhaus. Ankunft zur\u00fcck gegen 22:30 Uhr. Der Fahrtpreis betr\u00e4gt 35\u20ac. <strong>Anmeldungen<\/strong> bei der <a href=\"http:\/\/harmonie-neuhaus.de\/chorleitung\" data-type=\"page\" data-id=\"22\">Chorleitung<\/a>.<\/p>\n","protected":false},"excerpt":{"rendered":"<p>Der Traum von Freiheit und Frieden ist heute noch so aktuell wie vor knapp 60 Jahren, als Martin Luther King seine ber\u00fchmteste Rede &#8222;I Have a Dream&#8220; hielt. Pandemie, Protest und Krieg in Europa haben uns das wieder schmerzlich bewusst gemacht. Umso mehr freuen wir uns nach zwei Jahren Versp\u00e4tung darauf, endlich mit unserem Mitwirken [&hellip;]<\/p>\n","protected":false},"author":2,"featured_media":0,"comment_status":"closed","ping_status":"closed","sticky":false,"template":"","format":"standard","meta":{"footnotes":""},"categories":[2],"tags":[],"class_list":["post-88","post","type-post","status-publish","format-standard","hentry","category-auftritte"],"_links":{"self":[{"href":"https:\/\/harmonie-neuhaus.de\/wordpress\/wp-json\/wp\/v2\/posts\/88","targetHints":{"allow":["GET"]}}],"collection":[{"href":"https:\/\/harmonie-neuhaus.de\/wordpress\/wp-json\/wp\/v2\/posts"}],"about":[{"href":"https:\/\/harmonie-neuhaus.de\/wordpress\/wp-json\/wp\/v2\/types\/post"}],"author":[{"embeddable":true,"href":"https:\/\/harmonie-neuhaus.de\/wordpress\/wp-json\/wp\/v2\/users\/2"}],"replies":[{"embeddable":true,"href":"https:\/\/harmonie-neuhaus.de\/wordpress\/wp-json\/wp\/v2\/comments?post=88"}],"version-history":[{"count":1,"href":"https:\/\/harmonie-neuhaus.de\/wordpress\/wp-json\/wp\/v2\/posts\/88\/revisions"}],"predecessor-version":[{"id":116,"href":"https:\/\/harmonie-neuhaus.de\/wordpress\/wp-json\/wp\/v2\/posts\/88\/revisions\/116"}],"wp:attachment":[{"href":"https:\/\/harmonie-neuhaus.de\/wordpress\/wp-json\/wp\/v2\/media?parent=88"}],"wp:term":[{"taxonomy":"category","embeddable":true,"href":"https:\/\/harmonie-neuhaus.de\/wordpress\/wp-json\/wp\/v2\/categories?post=88"},{"taxonomy":"post_tag","embeddable":true,"href":"https:\/\/harmonie-neuhaus.de\/wordpress\/wp-json\/wp\/v2\/tags?post=88"}],"curies":[{"name":"wp","href":"https:\/\/api.w.org\/{rel}","templated":true}]}}